{"id":8,"date":"2013-07-17T17:00:07","date_gmt":"2013-07-17T17:00:07","guid":{"rendered":"http:\/\/pinwand.triluna.de\/?p=8"},"modified":"2014-04-24T05:36:09","modified_gmt":"2014-04-24T05:36:09","slug":"die-geschichte-von-den-regenbogenmausen","status":"publish","type":"post","link":"https:\/\/pinwand.triluna.de\/?p=8","title":{"rendered":"Die Geschichte von den Regenbogenm\u00e4usen"},"content":{"rendered":"<p>Eine Kindergeschichte von Margit R\u00f6hm<\/p>\n<p>Es war vor sehr langer Zeit, als die Trolle noch f\u00fcr alle sichtbar waren und die Elfen den Menschen noch Gl\u00fcck brachten. Zu dieser Zeit war es Brauch, dass sich in jedem Jahr eine andere Tiergattung vom Troll einen Wunsch erf\u00fcllen lassen durfte. H\u00e4ufig waren die Tiere sehr unschl\u00fcssig und brauchten deshalb lange, bis sie sich f\u00fcr einen Wunsch entschieden hatten, manche gar gerieten \u00fcber die Schwere der Entscheidung so heftig in Streit, dass sie fortan als Einzelg\u00e4nger lebten. Andere widerum wu\u00dften sehr genau, was sie sich\u00a0 w\u00fcnschten.<\/p>\n<p><a href=\"http:\/\/pinwand.triluna.de\/wp-content\/uploads\/2013\/07\/DSCF3468.jpg\"><img loading=\"lazy\" decoding=\"async\" class=\"alignleft size-medium wp-image-15\" alt=\"DSCF3468\" src=\"http:\/\/pinwand.triluna.de\/wp-content\/uploads\/2013\/07\/DSCF3468-225x300.jpg\" width=\"252\" height=\"337\" srcset=\"https:\/\/pinwand.triluna.de\/wp-content\/uploads\/2013\/07\/DSCF3468-225x300.jpg 225w, https:\/\/pinwand.triluna.de\/wp-content\/uploads\/2013\/07\/DSCF3468-768x1024.jpg 768w\" sizes=\"auto, (max-width: 252px) 100vw, 252px\" \/><\/a><\/p>\n<p>In diesem Jahr sollten die M\u00e4use sich einen Wunsch erf\u00fcllen lassen und sie hatten ihren Wunsch sogleich parat. Seit Anbeginn der Zeiten waren die M\u00e4use grau, was ihnen gar nicht behagte. Die sprichw\u00f6rtlich graue Maus wollte nicht zu ihrem Leben passen. Sie waren flink, gewitzt, lustig und feierten gerne fr\u00f6hliche Feste. Ihr graues Kleid wollten sie deshalb schnellstens loswerden.<\/p>\n<p>&nbsp;<\/p>\n<p>&nbsp;<\/p>\n<p><a href=\"http:\/\/pinwand.triluna.de\/wp-content\/uploads\/2013\/07\/DSCF3464.jpg\"><img loading=\"lazy\" decoding=\"async\" class=\"alignleft size-medium wp-image-13\" alt=\"DSCF3464\" src=\"http:\/\/pinwand.triluna.de\/wp-content\/uploads\/2013\/07\/DSCF3464-300x225.jpg\" width=\"256\" height=\"188\" \/><\/a><br \/>\nAls sie also zum Troll kamen, um ihren Wunsch vorzutragen, konnte dieser sie gut verstehen, denn auch er war f\u00fcr jeden Spass zu haben und eine fr\u00f6hliche Natur. Mutter Natur freilich sah so etwas gar nicht gerne,\u00a0 sie war der Meinung, dass es gut war, so wie es war. Trotzdem erf\u00fcllte der Troll naturgem\u00e4\u00df den M\u00e4usen ihren Wunsch und <a href=\"http:\/\/pinwand.triluna.de\/wp-content\/uploads\/2013\/07\/DSCF3461.jpg\"><img loading=\"lazy\" decoding=\"async\" class=\"alignleft size-medium wp-image-11\" alt=\"DSCF3461\" src=\"http:\/\/pinwand.triluna.de\/wp-content\/uploads\/2013\/07\/DSCF3461-300x225.jpg\" width=\"258\" height=\"192\" \/><\/a>machte sie bunt. Jeden nach seinen eigenen Vorstellungen. Gelbe, rote, blaue M\u00e4use h\u00fcpften und sprangen sogleich aus der Trollh\u00f6hle und freuten sich \u00fcber ihr neues Kleid.<\/p>\n<p>&nbsp;<\/p>\n<p>&nbsp;<\/p>\n<p>&nbsp;<\/p>\n<p><a href=\"http:\/\/pinwand.triluna.de\/wp-content\/uploads\/2013\/07\/DSCF3462.jpg\"><img loading=\"lazy\" decoding=\"async\" class=\"alignleft size-medium wp-image-12\" alt=\"DSCF3462\" src=\"http:\/\/pinwand.triluna.de\/wp-content\/uploads\/2013\/07\/DSCF3462-225x300.jpg\" width=\"261\" height=\"347\" srcset=\"https:\/\/pinwand.triluna.de\/wp-content\/uploads\/2013\/07\/DSCF3462-225x300.jpg 225w, https:\/\/pinwand.triluna.de\/wp-content\/uploads\/2013\/07\/DSCF3462-768x1024.jpg 768w\" sizes=\"auto, (max-width: 261px) 100vw, 261px\" \/><\/a><br \/>\nSchon bald aber stellte sich heraus, dass das gar keine gute Idee war. Der Habicht, der Fuchs und der Marder konnten die M\u00e4use schon von weitem sehen und es gab keine andere Rettung als sich unter die Erde zur\u00fcckzuziehen. Nun sa\u00dfen die bunten M\u00e4use in ihren L\u00f6chern und konnten sich weder bei Tag noch bei Nacht heraustrauen. Was n\u00fctzte ihnen da ihre Farbe, zumal die auch noch so leicht schmutzig wurde. Bei ihrem grauen Fell hatte niemand den Staub und den Schmutz gesehen, der sich im Fell niedersetzte, wenn sie ihre H\u00f6hlen gruben. Auf den hellen Farben aber war das sehr h\u00e4\u00dflich.<\/p>\n<p><a href=\"http:\/\/pinwand.triluna.de\/wp-content\/uploads\/2013\/07\/DSCF3466.jpg\"><img loading=\"lazy\" decoding=\"async\" class=\"alignleft size-medium wp-image-14\" alt=\"DSCF3466\" src=\"http:\/\/pinwand.triluna.de\/wp-content\/uploads\/2013\/07\/DSCF3466-300x225.jpg\" width=\"262\" height=\"195\" \/><\/a><\/p>\n<p>So machten sich also die M\u00e4use schon bald wieder auf, den Troll erneut aufzusuchen, um eine L\u00f6sung zu erbitten. Der Troll aber lachte nur und meinte: \u201ewie k\u00f6nnte ich Euch die Farbe wieder nehmen, auch ihr habt nur einen Wunsch frei und den hab ich Euch erf\u00fcllt. Geht also und seit gl\u00fccklich mit dem Ergebnis.\u201c Die M\u00e4use wollten diesen Spruch nat\u00fcrlich nicht akzeptieren und flehten den Troll an, Mitleid mit ihnen zu haben. Schlie\u00dflich k\u00f6nne er es ja nicht gut hei\u00dfen, wenn die M\u00e4use ausst\u00fcrben, nur weil er ihnen einen Wunsch erf\u00fcllt habe. Au\u00dferdem sei Mutter Erde, die ja auch seine Mutter sei, gar nicht angetan, wenn sie davon erf\u00fchre. So hatte der Troll doch ein Einsehen, wollte aber seinen Zauber nicht ganz von den M\u00e4usen nehmen, deshalb sann er nach einem Ausweg. Er gab ihnen eine Farbe, wie es ihr Wunsch war, aber eine Farbe, die sie gleichsam tarnte. Das war die Farbe Gr\u00fcn. So wurden die M\u00e4use allesamt gr\u00fcn. Gr\u00fcn wie das Gras, gr\u00fcn wie die Bl\u00e4tter der B\u00e4ume und das Schilf am Ufer des Sees. So schien alles ein gl\u00fcckliches Ende genommen zu haben und so lebten die M\u00e4use in ihrem neuen, gr\u00fcnen Fell gl\u00fccklich den ganzen Sommer hindurch. Doch als der Herbst nahte und das Gr\u00fcn der Wiese verblasste, die bunten Bl\u00e4tter fielen und schlie\u00dflich im Winter der Schnee alles zudeckte, war ihre Freude verflogen. Wieder waren sie f\u00fcr jeden R\u00e4uber zu finden und mu\u00dften sich Tag und Nacht in ihre unterirdischen G\u00e4nge zur\u00fcckziehen.<\/p>\n<p>Das sah Mutter Erde und war dar\u00fcber sehr besorgt. Sie ging zu ihrem Sohn dem Troll und schalt ihn, er d\u00fcrfe das nicht zulassen und solle den M\u00e4usen wieder ihre angestammte Farbe geben. Dieser trug der Mutter gegen\u00fcber seine Bedenken vor. Was w\u00fcrde passieren, wenn alle Tiere erf\u00fchren, dass er den M\u00e4usen ihren Wunsch nicht erf\u00fcllt habe? Welchen Ruf w\u00fcrde er im Wald haben. Er k\u00f6nne sich nicht mehr aus der H\u00f6hle heraustrauen, wenn er bis zum Neujahrstag keine L\u00f6sung f\u00fcr den Wunsch der M\u00e4use gefunden habe. Doch Mutter Erde beharrte darauf, den Zauber von den M\u00e4usen zu nehmen. So waren die M\u00e4use fortan wieder grau.<\/p>\n<p><a href=\"http:\/\/pinwand.triluna.de\/wp-content\/uploads\/2013\/07\/DSCF3457.jpg\"><img loading=\"lazy\" decoding=\"async\" class=\"alignleft size-medium wp-image-10\" alt=\"DSCF3457\" src=\"http:\/\/pinwand.triluna.de\/wp-content\/uploads\/2013\/07\/DSCF3457-300x225.jpg\" width=\"300\" height=\"225\" srcset=\"https:\/\/pinwand.triluna.de\/wp-content\/uploads\/2013\/07\/DSCF3457-300x225.jpg 300w, https:\/\/pinwand.triluna.de\/wp-content\/uploads\/2013\/07\/DSCF3457-1024x768.jpg 1024w\" sizes=\"auto, (max-width: 300px) 100vw, 300px\" \/><\/a><br \/>\nEs kam aber der Tag der Wintersonnenwende, an dem der Troll immer Besuch von seinem Bruder, dem Elfen bekam. Sie setzten sich in die H\u00f6hle und erz\u00e4hlten sich, was sie das Jahr \u00fcber erlebt hatten. Der Elf war gar nicht gl\u00fccklich. Er war zutiefst besorgt um seinen Schatz. \u201eEs hat sich herumgesprochen, dass am Ende des Regenbogens unsere Sch\u00e4tze vergraben sind. Jetzt machen sich best\u00e4ndig Menschen auf den Weg, den Schatz der Elfen zu suchen und werden auch immer \u00f6fter f\u00fcndig. Womit aber soll ich den Bed\u00fcrftigen Gl\u00fcck bringen, wenn mir der Schatz gestohlen wird.\u201c<\/p>\n<p>Der Troll wollte gerade in das Gejammer einstimmen und dem Elf berichten, dass er es dieses Jahr erstmals nicht geschafft habe, den Tieren ihren Wunsch zu erf\u00fcllen, als ihm die rettende Idee kam.<\/p>\n<p>Sogleich lud er den Rat der M\u00e4use zu sich ein und machte mit ihnen folgenden Vertrag. Jedesmal wenn ein Regenbogen am Himmel erscheint, d\u00fcrfen die M\u00e4use das Ende abknabbern, damit nicht mehr zu sehen sei, wo er auf die Erde auftr\u00e4fe. Zum Dank, bek\u00e4men sie f\u00fcr diesen einen Tag die Farbe, die sie abgeknabbert h\u00e4tten und w\u00fcrden vom Elf vor den R\u00e4ubern besch\u00fctzt. Wenn aber die Sonne unterginge, dann verl\u00f6ren sie auch ihre Farbe und gingen wieder in grau von dannen.<\/p>\n<p>Die M\u00e4use waren \u00fcber diesen Beschluss sehr gl\u00fccklich und stimmten sofort zu. Im Fr\u00fchjahr, als der erste Regenbogen erschien, machten sie sich auch flei\u00dfig ans Werk und knabberten das Ende des Regenbogens ab und wurden sogleich bunt. In ihren farbigen Kleidern feierten sie daraufhin ein fr\u00f6hliches Fest und tanzten bis die Sonne unterging. Nur im Herbst, wenn die M\u00e4use ihr Erntedankfest feiern, sind sie so mit ihrem eigenen Fest besch\u00e4ftigt, dass sie den Regenbogen vergessen. Nur an diesem einen Tag im Jahr, kann man den Schatz der Elfen noch finden. Sofern ein Regenbogen erscheint.<a href=\"http:\/\/pinwand.triluna.de\/wp-content\/uploads\/2013\/07\/DSCF3456.jpg\"><img loading=\"lazy\" decoding=\"async\" class=\"alignleft size-medium wp-image-9\" alt=\"DSCF3456\" src=\"http:\/\/pinwand.triluna.de\/wp-content\/uploads\/2013\/07\/DSCF3456-300x225.jpg\" width=\"490\" height=\"367\" srcset=\"https:\/\/pinwand.triluna.de\/wp-content\/uploads\/2013\/07\/DSCF3456-300x225.jpg 300w, https:\/\/pinwand.triluna.de\/wp-content\/uploads\/2013\/07\/DSCF3456-1024x768.jpg 1024w\" sizes=\"auto, (max-width: 490px) 100vw, 490px\" \/><\/a><\/p>\n<p>&nbsp;<\/p>\n","protected":false},"excerpt":{"rendered":"<p>Eine Kindergeschichte von Margit R\u00f6hm Es war vor sehr langer Zeit, als die Trolle noch f\u00fcr alle sichtbar waren und die Elfen den Menschen noch Gl\u00fcck brachten. Zu dieser Zeit war es Brauch, dass sich in jedem Jahr eine andere&hellip;<\/p>\n<p> <a class=\"more-link\" href=\"https:\/\/pinwand.triluna.de\/?p=8\">Weiterlesen<\/a><\/p>\n","protected":false},"author":1,"featured_media":9,"comment_status":"closed","ping_status":"closed","sticky":false,"template":"","format":"standard","meta":{"footnotes":""},"categories":[3],"tags":[],"class_list":{"0":"post-8","1":"post","2":"type-post","3":"status-publish","4":"format-standard","5":"has-post-thumbnail","7":"category-geschichten"},"_links":{"self":[{"href":"https:\/\/pinwand.triluna.de\/index.php?rest_route=\/wp\/v2\/posts\/8","targetHints":{"allow":["GET"]}}],"collection":[{"href":"https:\/\/pinwand.triluna.de\/index.php?rest_route=\/wp\/v2\/posts"}],"about":[{"href":"https:\/\/pinwand.triluna.de\/index.php?rest_route=\/wp\/v2\/types\/post"}],"author":[{"embeddable":true,"href":"https:\/\/pinwand.triluna.de\/index.php?rest_route=\/wp\/v2\/users\/1"}],"replies":[{"embeddable":true,"href":"https:\/\/pinwand.triluna.de\/index.php?rest_route=%2Fwp%2Fv2%2Fcomments&post=8"}],"version-history":[{"count":40,"href":"https:\/\/pinwand.triluna.de\/index.php?rest_route=\/wp\/v2\/posts\/8\/revisions"}],"predecessor-version":[{"id":50,"href":"https:\/\/pinwand.triluna.de\/index.php?rest_route=\/wp\/v2\/posts\/8\/revisions\/50"}],"wp:featuredmedia":[{"embeddable":true,"href":"https:\/\/pinwand.triluna.de\/index.php?rest_route=\/wp\/v2\/media\/9"}],"wp:attachment":[{"href":"https:\/\/pinwand.triluna.de\/index.php?rest_route=%2Fwp%2Fv2%2Fmedia&parent=8"}],"wp:term":[{"taxonomy":"category","embeddable":true,"href":"https:\/\/pinwand.triluna.de\/index.php?rest_route=%2Fwp%2Fv2%2Fcategories&post=8"},{"taxonomy":"post_tag","embeddable":true,"href":"https:\/\/pinwand.triluna.de\/index.php?rest_route=%2Fwp%2Fv2%2Ftags&post=8"}],"curies":[{"name":"wp","href":"https:\/\/api.w.org\/{rel}","templated":true}]}}