{"id":634,"date":"2016-07-31T15:29:41","date_gmt":"2016-07-31T15:29:41","guid":{"rendered":"http:\/\/pinwand.triluna.de\/?p=634"},"modified":"2016-07-31T15:45:32","modified_gmt":"2016-07-31T15:45:32","slug":"skandinavisches-mammut","status":"publish","type":"post","link":"https:\/\/pinwand.triluna.de\/?p=634","title":{"rendered":"Skandinavisches Mammut"},"content":{"rendered":"<h3>\u00a0\u00a0\u00a0 (Eigentlich &#8211; schon wieder ein Beitrag, der mit eigentlich beginnt, dabei wollte ich dieses Wort doch aus meinem Leben und Wortschatz verbannen -)<\/h3>\n<h3>\u00a0Also Eigentlich wollte ich mir mal eine Pause von der Rohwolle g\u00f6nnen. Seit dem Fr\u00fchjahr war ich im Rohwollrausch und hab alles verfilzt was die Schafe so hergaben. Von den langen grauen Zotteln der Heidschnucke, \u00fcber das weiche Vlies der Oussant-Schafe bis zu den feinen L\u00f6ckchen der Teeswater-Schafe war alles dabei. Dicke Pelze und zottelige Haarpracht f\u00fcr allerlei Getier. In braun, grau, wei\u00df und r\u00f6tlich Naturt\u00f6ne in lebendigen Nuancen allein durch die Witterung geschaffen.<\/h3>\n<p><a href=\"http:\/\/pinwand.triluna.de\/wp-content\/uploads\/2016\/07\/DSCF9279.jpg\"><img loading=\"lazy\" decoding=\"async\" class=\"alignnone size-medium wp-image-636\" alt=\"DSCF9279\" src=\"http:\/\/pinwand.triluna.de\/wp-content\/uploads\/2016\/07\/DSCF9279-300x225.jpg\" width=\"300\" height=\"225\" srcset=\"https:\/\/pinwand.triluna.de\/wp-content\/uploads\/2016\/07\/DSCF9279-300x225.jpg 300w, https:\/\/pinwand.triluna.de\/wp-content\/uploads\/2016\/07\/DSCF9279-1024x768.jpg 1024w\" sizes=\"auto, (max-width: 300px) 100vw, 300px\" \/><\/a><\/p>\n<h3>Eigentlich wollte ich vor allem mal wieder Farbe auf dem Arbeitstisch sehen. So richtig leuchtende, bunte Farben. Rote, gelbe, gr\u00fcne, blaue Farben aus dem Chemiekasten der Textilindustrie.<\/h3>\n<h3>Eigentlich wollte ich au\u00dferdem kleinere Objekte filzen. Fingerp\u00fcppchen, Apfelm\u00e4uschen und feine Fummel, um mich so langsam auf einen geruhsamen Urlaub vorzubereiten und Ware f\u00fcr die Herbstsaison zu produzieren.<\/h3>\n<h3>Dann kam aber, wie so oft, alles anders. Susann hatte ein Fellchen aus der Lieferung Skandinavische Locke \u00fcbrig, das so gar nicht in die Produktpalette passen wollte, das au\u00dferdem nicht so recht definierbar war, waren das nun Locken oder nicht, war das braun oder schwarz oder doch ganz anders. In ihrer Ratlosigkeit hat sie es kurzerhand mir angeboten. Wahrscheinlich hat sie sich gedacht &#8222;Triluna kann alles brauchen&#8220;. Und ich hab nat\u00fcrlich zugesagt, weil &#8222;Triluna ja alles brauchen kann, solange es nur Wolle ist&#8220;.<\/h3>\n<h3>Das Vlies, das sich aus der T\u00fcte sch\u00e4lte war dann aber eine echte \u00dcberraschung. Erst mal war es mit 3,2kg echt kein kleines Fellchen. Au\u00dferdem hing es sch\u00f6n zusammen, ohne auch nur ein bisschen verfilzt zu sein und die Farbe und die Locken waren sehr wundersam. Feine kleine fast Schwarze Locken wechselten mit l\u00e4ngeren geraden Zotteln in hellbraun ab. Als ich es dann ausgebreitet hatte, war mir auch klar warum. Das kann unm\u00f6glich ein Schaf gewesen sein, das Vlies hatte einen R\u00fcssel. 4 st\u00e4mmige Beine und einen breiten R\u00fccken. Die hatten da in Skandinavien gar kein Schaf geschoren, da hat sich ein kleines Mammut eingeschlichen und wollte seinen Winterpelz loswerden.<\/h3>\n<p><a href=\"http:\/\/pinwand.triluna.de\/wp-content\/uploads\/2016\/07\/mammut_2.jpg\"><img loading=\"lazy\" decoding=\"async\" class=\"alignnone size-large wp-image-638\" alt=\"mammut_2\" src=\"http:\/\/pinwand.triluna.de\/wp-content\/uploads\/2016\/07\/mammut_2-768x1024.jpg\" width=\"500\" height=\"666\" srcset=\"https:\/\/pinwand.triluna.de\/wp-content\/uploads\/2016\/07\/mammut_2-768x1024.jpg 768w, https:\/\/pinwand.triluna.de\/wp-content\/uploads\/2016\/07\/mammut_2-225x300.jpg 225w\" sizes=\"auto, (max-width: 500px) 100vw, 500px\" \/><\/a><\/p>\n<p>&nbsp;<\/p>\n<h3>Stehn die eigentlich unter Artenschutz? Tats\u00e4chlich nicht. Mammuts stehen nicht unter Artenschutz. Schade eigentlich, wo die doch so selten sind.<\/h3>\n<p>&nbsp;<\/p>\n<h3>Ich war kurz entschlossen und hab dem Mammut seine Gestalt zur\u00fcckgegeben. Klein, Kurzbeinig, etwas tollpatschig aber mit einem echten zotteligen Mammutpelz, einem langen behaarten R\u00fcssel und treuherzigem Blick.<\/h3>\n<p><a href=\"http:\/\/pinwand.triluna.de\/wp-content\/uploads\/2016\/07\/mammut_1.jpg\"><img loading=\"lazy\" decoding=\"async\" class=\"alignnone size-large wp-image-637\" alt=\"mammut_1\" src=\"http:\/\/pinwand.triluna.de\/wp-content\/uploads\/2016\/07\/mammut_1-792x1024.jpg\" width=\"500\" height=\"646\" srcset=\"https:\/\/pinwand.triluna.de\/wp-content\/uploads\/2016\/07\/mammut_1-792x1024.jpg 792w, https:\/\/pinwand.triluna.de\/wp-content\/uploads\/2016\/07\/mammut_1-232x300.jpg 232w\" sizes=\"auto, (max-width: 500px) 100vw, 500px\" \/><\/a><\/p>\n<h3>Was ich in meine ersten Euphorie nicht bedacht hatte: auch ein kleines Mammut ist kein Leichtgewicht. Bis es fertig ausgelegt war hatte es tats\u00e4chlich mehr als 4kg Wolle verschlungen und machte einen Dreck f\u00fcr zwei. In der Wolle war der Schmutz von Jahrtausenden und das wollte einfach nicht aufh\u00f6ren. Zu allem \u00dcberfluss passte das Ding in keine Schleuder und hatte einen Wasser und Seifendurst, der mich an die Grenze meiner Leistungsf\u00e4higkeit brachte.<\/h3>\n<h3>Deshalb mu\u00dfte es dann doch noch eine Nacht schlafen, vor ich es fertig machen konnte. Dann aber stand es da. 1Meter hoch, (im Sitzen) und gut 60cm breit. Mit langen Sto\u00dfz\u00e4hnen und pelzigen Ohren (die ich zuerst vergessen hatte). Vor allem aber ist es weich \u2013 seeeehhhhhr weich. Eine typische skandinavische Locke zum Knuddeln.<\/h3>\n<h3>ICH LIEBE ES<\/h3>\n<p><a href=\"http:\/\/pinwand.triluna.de\/wp-content\/uploads\/2016\/07\/mammut_3.jpg\"><img loading=\"lazy\" decoding=\"async\" class=\"alignnone size-large wp-image-639\" alt=\"mammut_3\" src=\"http:\/\/pinwand.triluna.de\/wp-content\/uploads\/2016\/07\/mammut_3-860x1024.jpg\" width=\"500\" height=\"595\" srcset=\"https:\/\/pinwand.triluna.de\/wp-content\/uploads\/2016\/07\/mammut_3-860x1024.jpg 860w, https:\/\/pinwand.triluna.de\/wp-content\/uploads\/2016\/07\/mammut_3-251x300.jpg 251w\" sizes=\"auto, (max-width: 500px) 100vw, 500px\" \/><\/a><\/p>\n<h3><\/h3>\n","protected":false},"excerpt":{"rendered":"<p>\u00a0\u00a0\u00a0 (Eigentlich &#8211; schon wieder ein Beitrag, der mit eigentlich beginnt, dabei wollte ich dieses Wort doch aus meinem Leben und Wortschatz verbannen -) \u00a0Also Eigentlich wollte ich mir mal eine Pause von der Rohwolle g\u00f6nnen. Seit dem Fr\u00fchjahr war&hellip;<\/p>\n<p> <a class=\"more-link\" href=\"https:\/\/pinwand.triluna.de\/?p=634\">Weiterlesen<\/a><\/p>\n","protected":false},"author":1,"featured_media":0,"comment_status":"closed","ping_status":"closed","sticky":false,"template":"","format":"standard","meta":{"footnotes":""},"categories":[1],"tags":[],"class_list":{"0":"post-634","1":"post","2":"type-post","3":"status-publish","4":"format-standard","6":"category-uncategorized"},"_links":{"self":[{"href":"https:\/\/pinwand.triluna.de\/index.php?rest_route=\/wp\/v2\/posts\/634","targetHints":{"allow":["GET"]}}],"collection":[{"href":"https:\/\/pinwand.triluna.de\/index.php?rest_route=\/wp\/v2\/posts"}],"about":[{"href":"https:\/\/pinwand.triluna.de\/index.php?rest_route=\/wp\/v2\/types\/post"}],"author":[{"embeddable":true,"href":"https:\/\/pinwand.triluna.de\/index.php?rest_route=\/wp\/v2\/users\/1"}],"replies":[{"embeddable":true,"href":"https:\/\/pinwand.triluna.de\/index.php?rest_route=%2Fwp%2Fv2%2Fcomments&post=634"}],"version-history":[{"count":10,"href":"https:\/\/pinwand.triluna.de\/index.php?rest_route=\/wp\/v2\/posts\/634\/revisions"}],"predecessor-version":[{"id":648,"href":"https:\/\/pinwand.triluna.de\/index.php?rest_route=\/wp\/v2\/posts\/634\/revisions\/648"}],"wp:attachment":[{"href":"https:\/\/pinwand.triluna.de\/index.php?rest_route=%2Fwp%2Fv2%2Fmedia&parent=634"}],"wp:term":[{"taxonomy":"category","embeddable":true,"href":"https:\/\/pinwand.triluna.de\/index.php?rest_route=%2Fwp%2Fv2%2Fcategories&post=634"},{"taxonomy":"post_tag","embeddable":true,"href":"https:\/\/pinwand.triluna.de\/index.php?rest_route=%2Fwp%2Fv2%2Ftags&post=634"}],"curies":[{"name":"wp","href":"https:\/\/api.w.org\/{rel}","templated":true}]}}